{"id":4738,"date":"2025-08-08T05:31:00","date_gmt":"2025-08-08T05:31:00","guid":{"rendered":"https:\/\/vindr.eu\/?p=4738"},"modified":"2025-08-07T19:56:23","modified_gmt":"2025-08-07T19:56:23","slug":"uzaicinajums-uz-sakotnejo-sabiedrisko-apspriesanu-par-toposo-veja-parku-kukas","status":"publish","type":"post","link":"https:\/\/vindr.eu\/lv\/uzaicinajums-uz-sakotnejo-sabiedrisko-apspriesanu-par-toposo-veja-parku-kukas\/","title":{"rendered":"Uzaicin\u0101jums uz s\u0101kotn\u0113jo sabiedrisko apsprie\u0161anu par topo\u0161o v\u0113ja parku \u201cK\u016bkas\u201d"},"content":{"rendered":"\n<section id=\"acf-banner-block_ec21c8938bfdbe99dfcea9bd14df9e0b\"class=\"block-section banner has-background has-title show-top-bar-theme-light wp-block-acf-banner\" data-scroll-container>\n\t\t\t<figure class=\"banner__bg\">\n\t\t\t\t\t<\/figure>\n\t\t<div class=\"block-section-wrapper element-width--content\" data-scroll data-scroll-call=\"vindrOnBannerScroll\">\n\t\t<div class=\"banner__content\">\n\t\t\t\t\t\t\t<h2 class=\"heading-size-large\">Uzaicin\u0101jums uz s\u0101kotn\u0113jo sabiedrisko apsprie\u0161anu par topo\u0161o v\u0113ja parku \u201cK\u016bkas\u201d<\/h2>\n\t\t\t\t<div class=\"text-size-medium\">\n\t\t\t\t\t\t<p>SIA \u201cVindr Latvia\u201d aicina viet\u0113jos iedz\u012bvot\u0101jus piedal\u012bties s\u0101kotn\u0113j\u0101s sabiedrisk\u0101s apsprie\u0161anas san\u0101ksm\u0113 par v\u0113ja parka \u201cK\u016bkas\u201d un ar to saist\u012bt\u0101s infrastrukt\u016bras ietekmes uz vidi nov\u0113rt\u0113juma (IVN) proced\u016bru.<br \/>\nV\u0113ja parka projektu paredz\u0113ts \u012bstenot J\u0113kabpils novada K\u016bku pagasta un V\u012bpes pagasta teritorij\u0101.<\/p>\n\t\t\t\t\t\t\t<\/div>\n\t\t\t\t\t\t<a href=\"https:\/\/vindr.eu\/lv\/projekts\/kukas\/\" id=\"\" class=\"stm-button--has-title stm-button stm-button--type-default stm-button-light\"  target=\"_blank\" title=\"\"> <span class=\"text\">Vair\u0101k par m\u016bsu projektu &quot;K\u016bkas&quot; lasiet \u0161eit<\/span>  <\/a>\t\t<\/div>\n\t<\/div>\n<\/section>\n\n\n\n<h1 class=\"wp-block-heading\">S\u0101kotn\u0113j\u0101 sabiedrisk\u0101 apsprie\u0161ana paredz\u0113ta:<\/h1>\n\n\n\n<section id=\"acf-text-column-single-block_c1b0ed73ce0e1c24e35c1f4d4408c3d3\"class=\"block-section text-column-single text-based-block show-top-bar-theme-dark wp-block-acf-text-column-single\">\n\t<div class=\"block-section-wrapper element-width--wide\">\n\t\t<div class=\"text-column-single__content use-copy-text-styles\">\n\t\t\t\t\t\t<p style=\"text-align: center\"><strong>2025. gada 21. august\u0101 plkst. 17.00<\/strong><\/p>\n<p style=\"text-align: center\">V\u012bpes tautas nam\u0101,\u00a0\u201cV\u0101lodz\u012btes\u201d, V\u012bp\u0113, V\u012bpes pagast\u0101, J\u0113kabpils novad\u0101<\/p>\n\t\t<\/div>\n\t<\/div>\n<\/section>\n\n\n<section id=\"acf-wysiwyg-block_34690425366399cd8bf1825395bbdaa0\"class=\"block-section wysiwyg show-top-bar-theme-dark wp-block-acf-wysiwyg\">\n\t<div class=\"block-section-wrapper element-width--wide\">\n\t\t<p><span data-contrast=\"auto\">San\u0101ksme notiks kl\u0101tien\u0113 un interesenti var\u0113s piedal\u012bties ar\u012b att\u0101lin\u0101ti. Tie\u0161saistes piesl\u0113g\u0161an\u0101s saites tiks public\u0113tas san\u0101ksmes dien\u0101 t\u012bmek\u013cvietn\u0113:\u202f<\/span><a href=\"https:\/\/www.skpk.lv\/zinas\"><span data-contrast=\"none\">www.skpk.lv\/zinas<\/span><\/a><span data-contrast=\"auto\">.<\/span><span data-ccp-props=\"{}\">\u00a0<\/span><\/p>\n<p><span data-contrast=\"auto\">S\u0101kotn\u0113j\u0101s sabiedrisk\u0101s apsprie\u0161anas m\u0113r\u0137is ir iepaz\u012bstin\u0101t sabiedr\u012bbu ar paredz\u0113t\u0101s darb\u012bbas ieceri un ietekmes uz vidi nov\u0113rt\u0113juma programmu. San\u0101ksmes laik\u0101 dal\u012bbnieki var\u0113s uzdot jaut\u0101jumus par projekta pl\u0101niem, k\u0101 ar\u012b izteikt viedok\u013cus un ierosin\u0101jumus, kas tiks \u0146emti v\u0113r\u0101 turpm\u0101kaj\u0101 IVN procesa gait\u0101. \u0160aj\u0101 posm\u0101 v\u0113l netiek prezent\u0113ti konkr\u0113ti tehniskie risin\u0101jumi vai turb\u012bnu izvietojums \u2013 tie tiks preciz\u0113ti, pamatojoties uz nov\u0113rt\u0113juma rezult\u0101tiem un sabiedr\u012bbas iesaisti.<\/span><span data-ccp-props=\"{}\">\u00a0<\/span><\/p>\n<p><span data-contrast=\"auto\">Ar san\u0101ksmi saist\u012bto dokument\u0101ciju iesp\u0113jams apskat\u012bt vair\u0101k\u0101s viet\u0101s kl\u0101tien\u0113 un tie\u0161saist\u0113, tostarp pa\u0161vald\u012bbas m\u0101jaslap\u0101, k\u0101 ar\u012b projekta sagatavot\u0101ja SIA \u201cSkepast &amp; Puhkim\u201d vietn\u0113\u202f<\/span><a href=\"https:\/\/www.skpk.lv\/zinas\"><span data-contrast=\"none\">www.skpk.lv\/zinas<\/span><\/a><span data-contrast=\"auto\">\u202fun \u0161eit, Vindr Latvia m\u0101jaslap\u0101.<\/span><span data-ccp-props=\"{}\">\u00a0<\/span><\/p>\n<p><span data-contrast=\"auto\">Rakstiskus priek\u0161likumus par paredz\u0113to darb\u012bbu var iesniegt Ener\u0123\u0113tikas un vides a\u0123ent\u016br\u0101 (R\u016bpniec\u012bbas iel\u0101 23, R\u012bga, LV \u2013 1045, t\u0101lrunis: 67321173, e-pasts: <\/span><a href=\"mailto:pasts@eva.gov.lv\"><span data-contrast=\"none\">pasts@eva.gov.lv<\/span><\/a><span data-contrast=\"auto\"> ,<\/span> <a href=\"https:\/\/www.eva.gov.lv\/lv\"><span data-contrast=\"none\">https:\/\/www.eva.gov.lv\/lv<\/span><\/a> <span data-contrast=\"auto\">) l\u012bdz 2025. gada 29. augustam.<\/span><span data-ccp-props=\"{}\">\u00a0<\/span><\/p>\n\t<\/div>\n<\/section>\n\n\n\n<section id=\"acf-map-and-documents-block_5d8a24d4f43412c83b9adca993c6e996\"class=\"block-section map-and-documents show-top-bar-theme-dark wp-block-acf-map-and-documents\">\n\t<div class=\"block-section-wrapper element-width--wide two-columns\">\n\n\t\t<div class=\"js-tabs\">\n\n\t\t\t<ul class=\"js-tablist\" data-existing-hx=\"h2\">\n\t\t\t\t<li class=\"js-tablist__item\">\n\t\t\t\t\t<a href=\"#tab-attels\" class=\"js-tablist__link\" data-selected=\"1\">Att\u0113ls<\/a>\n\t\t\t\t<\/li>\n\t\t\t\t<li class=\"js-tablist__item\">\n\t\t\t\t\t<a href=\"#tab-dokumenti\" class=\"js-tablist__link\">Dokumenti<\/a>\n\t\t\t\t<\/li>\n\t\t\t<\/ul>\n\t\t\t<div id=\"tab-attels\" class=\"js-tabcontent\">\n\t\t\t\t<div class=\"text-content\">\n\t\t\t\t\t\t\t\t\t\t<p>Pl\u0101notais v\u0113ja parks \u201cK\u016bkas\u201d atrodas J\u0113kabpils novada K\u016bku pagast\u0101 un V\u012bpes pagast\u0101. T\u0101 ir iecer\u0113ta atjaun\u012bg\u0101s ener\u0123ijas elektrostacija, kur\u0101 paredz\u0113ts uzst\u0101d\u012bt l\u012bdz 23 v\u0113ja turb\u012bn\u0101m, kuru kop\u0113j\u0101 jauda var\u0113tu sasniegt ~184 MW (katras stacijas nomin\u0101l\u0101 jauda ir ~8 MW).<\/p>\n\t\t\t\t<\/div>\n\t\t\t\t<div class=\"image-content\">\n\t\t\t\t\t\t\t\t\t<\/div>\n\t\t\t<\/div>\n\n\t\t\t<div id=\"tab-dokumenti\" class=\"js-tabcontent\">\n\t\t\t\t<div class=\"text-content fullsize\">\n\t\t\t\t\t\t\t\t\t\t\t<h1>Dokumenti<\/h1>\n\t\t\t\t\t\t\t\t\t\t\t\t\t\t\t\t<ul>\n\t\t\t\t\t\t\t\t\t\t\t\t\t\t\t<li>\n\t\t\t\t\t\t\t\t\t<a href=\"https:\/\/vindr.eu\/wp-content\/uploads\/2025\/08\/Buklets-Kukas-uz-SSA.pdf\">\n\t\t\t\t\t\t\t\t\t\t<span class=\"label\">\n\t\t\t\t\t\t\t\t\t\t\tBuklets-Kukas-uz-SSA\t\t\t\t\t\t\t\t\t\t<\/span>\n\t\t\t\t\t\t\t\t\t\t<i class=\"icon-download\"><\/i>\n\t\t\t\t\t\t\t\t\t<\/a>\n\t\t\t\t\t\t\t\t<\/li>\n\t\t\t\t\t\t\t\t\t\t\t\t\t\t\t<li>\n\t\t\t\t\t\t\t\t\t<a href=\"https:\/\/vindr.eu\/wp-content\/uploads\/2025\/08\/Kukas_2.png\">\n\t\t\t\t\t\t\t\t\t\t<span class=\"label\">\n\t\t\t\t\t\t\t\t\t\t\tKukas_2\t\t\t\t\t\t\t\t\t\t<\/span>\n\t\t\t\t\t\t\t\t\t\t<i class=\"icon-download\"><\/i>\n\t\t\t\t\t\t\t\t\t<\/a>\n\t\t\t\t\t\t\t\t<\/li>\n\t\t\t\t\t\t\t\t\t\t\t\t\t\t\t<li>\n\t\t\t\t\t\t\t\t\t<a href=\"https:\/\/vindr.eu\/wp-content\/uploads\/2025\/08\/pazinojums-SSA-Kukas-05-08-2025.pdf\">\n\t\t\t\t\t\t\t\t\t\t<span class=\"label\">\n\t\t\t\t\t\t\t\t\t\t\tpazinojums-SSA-Kukas-05-08-2025\t\t\t\t\t\t\t\t\t\t<\/span>\n\t\t\t\t\t\t\t\t\t\t<i class=\"icon-download\"><\/i>\n\t\t\t\t\t\t\t\t\t<\/a>\n\t\t\t\t\t\t\t\t<\/li>\n\t\t\t\t\t\t\t\t\t\t\t\t\t<\/ul>\n\t\t\t\t\t\t\t\t\t<\/div>\n\n\t\t\t\t\t\t\t<\/div>\n\t\t<\/div>\n\t<\/div>\n<\/section>\n\n\n\n<section id=\"acf-banner-block_e29ddb1728a4a2d1213e7873fea2e91b\"class=\"block-section banner has-background background-only show-top-bar-theme-dark wp-block-acf-banner\" data-scroll-container>\n\t\t\t<figure class=\"banner__bg\">\n\t\t\t<img loading=\"lazy\" decoding=\"async\" width=\"2048\" height=\"1366\" src=\"https:\/\/vindr.eu\/wp-content\/uploads\/2025\/05\/Winter_turbines_bigfile-scaled-2-scaled.jpg\" class=\"attachment-full size-full\" alt=\"\" srcset=\"https:\/\/vindr.eu\/wp-content\/uploads\/2025\/05\/Winter_turbines_bigfile-scaled-2-scaled.jpg 2048w, https:\/\/vindr.eu\/wp-content\/uploads\/2025\/05\/Winter_turbines_bigfile-scaled-2-300x200.jpg 300w, https:\/\/vindr.eu\/wp-content\/uploads\/2025\/05\/Winter_turbines_bigfile-scaled-2-1024x683.jpg 1024w, https:\/\/vindr.eu\/wp-content\/uploads\/2025\/05\/Winter_turbines_bigfile-scaled-2-768x512.jpg 768w, https:\/\/vindr.eu\/wp-content\/uploads\/2025\/05\/Winter_turbines_bigfile-scaled-2-1536x1024.jpg 1536w, https:\/\/vindr.eu\/wp-content\/uploads\/2025\/05\/Winter_turbines_bigfile-scaled-2-502x335.jpg 502w\" sizes=\"auto, (max-width: 2048px) 100vw, 2048px\" \/>\t\t<\/figure>\n\t\t<div class=\"block-section-wrapper element-width--content\" data-scroll data-scroll-call=\"vindrOnBannerScroll\">\n\t\t<div class=\"banner__content\">\n\t\t\t\t\t\t\t\t\t\t\t\t\t\t<\/div>\n\t<\/div>\n<\/section>\n","protected":false},"excerpt":{"rendered":"<p>S\u0101kotn\u0113j\u0101 sabiedrisk\u0101 apsprie\u0161ana paredz\u0113ta:<\/p>\n","protected":false},"author":14,"featured_media":0,"comment_status":"closed","ping_status":"closed","sticky":false,"template":"","format":"standard","meta":{"_acf_changed":false,"inline_featured_image":false,"footnotes":""},"categories":[13],"tags":[70],"class_list":["post-4738","post","type-post","status-publish","format-standard","hentry","category-uncategorized-lv","tag-news"],"acf":[],"_links":{"self":[{"href":"https:\/\/vindr.eu\/lv\/wp-json\/wp\/v2\/posts\/4738","targetHints":{"allow":["GET"]}}],"collection":[{"href":"https:\/\/vindr.eu\/lv\/wp-json\/wp\/v2\/posts"}],"about":[{"href":"https:\/\/vindr.eu\/lv\/wp-json\/wp\/v2\/types\/post"}],"author":[{"embeddable":true,"href":"https:\/\/vindr.eu\/lv\/wp-json\/wp\/v2\/users\/14"}],"replies":[{"embeddable":true,"href":"https:\/\/vindr.eu\/lv\/wp-json\/wp\/v2\/comments?post=4738"}],"version-history":[{"count":0,"href":"https:\/\/vindr.eu\/lv\/wp-json\/wp\/v2\/posts\/4738\/revisions"}],"wp:attachment":[{"href":"https:\/\/vindr.eu\/lv\/wp-json\/wp\/v2\/media?parent=4738"}],"wp:term":[{"taxonomy":"category","embeddable":true,"href":"https:\/\/vindr.eu\/lv\/wp-json\/wp\/v2\/categories?post=4738"},{"taxonomy":"post_tag","embeddable":true,"href":"https:\/\/vindr.eu\/lv\/wp-json\/wp\/v2\/tags?post=4738"}],"curies":[{"name":"wp","href":"https:\/\/api.w.org\/{rel}","templated":true}]}}