{"id":4549,"date":"2025-06-25T10:57:26","date_gmt":"2025-06-25T10:57:26","guid":{"rendered":"https:\/\/vindr.eu\/?p=4549"},"modified":"2025-06-30T08:08:39","modified_gmt":"2025-06-30T08:08:39","slug":"tuulest-saab-tulu-siis-kui-meil-on-tarkust-seda-kasutada","status":"publish","type":"post","link":"https:\/\/vindr.eu\/et\/tuulest-saab-tulu-siis-kui-meil-on-tarkust-seda-kasutada\/","title":{"rendered":"Tuulest saab tulu siis, kui meil on tarkust seda kasutada\u00a0"},"content":{"rendered":"\n<section id=\"acf-banner-block_ba770a76b1c1122265c80cfda1ac46fb\"class=\"block-section banner has-background has-title show-top-bar-theme-light wp-block-acf-banner\" data-scroll-container>\n\t\t\t<figure class=\"banner__bg\">\n\t\t\t<img loading=\"lazy\" decoding=\"async\" width=\"2048\" height=\"1368\" src=\"https:\/\/vindr.eu\/wp-content\/uploads\/2025\/06\/iStock-1322931000-scaled.jpg\" class=\"attachment-full size-full\" alt=\"\" srcset=\"https:\/\/vindr.eu\/wp-content\/uploads\/2025\/06\/iStock-1322931000-scaled.jpg 2048w, https:\/\/vindr.eu\/wp-content\/uploads\/2025\/06\/iStock-1322931000-300x200.jpg 300w, https:\/\/vindr.eu\/wp-content\/uploads\/2025\/06\/iStock-1322931000-1024x684.jpg 1024w, https:\/\/vindr.eu\/wp-content\/uploads\/2025\/06\/iStock-1322931000-768x513.jpg 768w, https:\/\/vindr.eu\/wp-content\/uploads\/2025\/06\/iStock-1322931000-1536x1026.jpg 1536w, https:\/\/vindr.eu\/wp-content\/uploads\/2025\/06\/iStock-1322931000-502x335.jpg 502w\" sizes=\"auto, (max-width: 2048px) 100vw, 2048px\" \/>\t\t<\/figure>\n\t\t<div class=\"block-section-wrapper element-width--content\" data-scroll data-scroll-call=\"vindrOnBannerScroll\">\n\t\t<div class=\"banner__content\">\n\t\t\t\t\t\t\t<h2 class=\"heading-size-large\">Tuulest saab tulu siis, kui meil on tarkust seda kasutada <\/h2>\n\t\t\t\t<div class=\"text-size-medium\">\n\t\t\t\t\t\t<p><span class=\"TextRun MacChromeBold SCXW133372823 BCX0\" lang=\"ET-EE\" xml:lang=\"ET-EE\" data-contrast=\"none\"><span class=\"NormalTextRun SCXW133372823 BCX0\">Kui r\u00e4\u00e4kida tuuleenergiast, kerkivad sageli<\/span> <span class=\"NormalTextRun SCXW133372823 BCX0\">k\u00fcsimused \u2013 k<\/span><span class=\"NormalTextRun SCXW133372823 BCX0\">uidas see minu heaolu m\u00f5jutab <\/span><span class=\"NormalTextRun SCXW133372823 BCX0\">ja <\/span><span class=\"NormalTextRun SCXW133372823 BCX0\">kas <\/span><span class=\"NormalTextRun SCXW133372823 BCX0\">minu arvamus ei loe? Need\u00a0 k\u00fcsimused on <\/span><span class=\"NormalTextRun SCXW133372823 BCX0\">asjakohased ja <\/span><span class=\"NormalTextRun SCXW133372823 BCX0\">vajavad<\/span><span class=\"NormalTextRun SCXW133372823 BCX0\"> vast<\/span><span class=\"NormalTextRun SCXW133372823 BCX0\">useid<\/span><span class=\"NormalTextRun SCXW133372823 BCX0\">, <\/span><span class=\"NormalTextRun SCXW133372823 BCX0\">sest nii on v\u00f5imalik luua turvatunne ja<\/span> <span class=\"NormalTextRun SCXW133372823 BCX0\">edendada <\/span><span class=\"NormalTextRun SCXW133372823 BCX0\">iga elaniku sotsiaal-ja majanduslikku heaolu, <\/span><span class=\"NormalTextRun SCXW133372823 BCX0\">panustada <\/span><span class=\"NormalTextRun SCXW133372823 BCX0\">kohalike omavalitsus<\/span><span class=\"NormalTextRun SCXW133372823 BCX0\">te k\u00e4ek\u00e4iku<\/span><span class=\"NormalTextRun SCXW133372823 BCX0\"> kui <\/span><span class=\"NormalTextRun SCXW133372823 BCX0\">ka <\/span><span class=\"NormalTextRun SCXW133372823 BCX0\">Eesti energias\u00f5ltumatust laiemalt.<\/span><\/span><span class=\"EOP SCXW133372823 BCX0\" data-ccp-props=\"{&quot;335551550&quot;:6,&quot;335551620&quot;:6,&quot;335559738&quot;:240,&quot;335559739&quot;:240}\">\u00a0<\/span><\/p>\n\t\t\t\t\t\t\t<\/div>\n\t\t\t\t\t\t<a href=\"https:\/\/www.ohtuleht.ee\/1133933\/kas-karta-tuuleparke-marie-niilisk-ukski-elektritootja-ei-taha-et-tuulepark-mura-tottu-seisataks\" id=\"\" class=\"stm-button--has-title stm-button stm-button--type-default stm-button-light\"  target=\"_self\" title=\"\"> <span class=\"text\">Marie Niilisk,  VINDR kogukonnajuht <\/span>  <\/a>\t\t<\/div>\n\t<\/div>\n<\/section>\n\n\n\n<blockquote class=\"wp-block-quote is-layout-flow wp-block-quote-is-layout-flow\">\n<p><\/p>\n<\/blockquote>\n\n\n\n<section id=\"acf-article-block-block_4a694a1c5270c01c7dac9e73f8e1fc9e\"class=\"block-section article-block show-top-bar-theme-dark wp-block-acf-article-block\">\n    <div class=\"article-container block-section-wrapper\">\n        \n        \n        \n                    <div class=\"article-content\">\n                <p>Eestis tarbitakse t\u00e4na rohkem elektrit, kui me koha peal toodame. Tootmise kasvu panustamine on oluline, kui soovime kindlust, et elekter on olemas igal hetkel. Sama murekoht on ilmnenud naaberriikidel Soomel ja Rootsil, kellelt oleme seni elektrit importinud \u2013 ka nemad on kogenud olukordi, kus tootmisv\u00f5imsustest j\u00e4\u00e4b ajutiselt puudu. 2024. aastal oli Soome aastane elektrienergia puuduj\u00e4\u00e4k 3 TWh &#8211; v\u00f5rdluseks: Eestisisene tarbimine oli eelmisel aastal ligikaudu 8 TWh.  <\/p>\n<p>Piisava toodangu puudumisel v\u00f5i tehniliste piirangute t\u00f5ttu \u00fclekandeliinidel muutub meie energias\u00fcsteem haavatavaks. Oluline on, et lokaalne ja hajutatud energiatootmine muudab meid vastupidavamaks. Taastuvenergia tootmine on Eesti Vabariigi energiapoliitika keskne eesm\u00e4rk ning tuuleenergial on selles kandev roll. Selle juures aga on oluline kohalike \u00f5igustatud k\u00fcsimused saaksid vastuse. Energiatootmine on ju seotud meie igap\u00e4evase heaolu ja kindlustundega. <\/p>\n            <\/div>\n        \n                    <div class=\"article-image article-image--under\">\n                <img decoding=\"async\" src=\"https:\/\/vindr.eu\/wp-content\/uploads\/2025\/05\/Marie_Niilisk_2-scaled.jpg\" alt=\"\">\n            <\/div>\n            <\/div>\n<\/section>\n\n\n\n<section id=\"acf-article-block-block_0abcfac2be45e2450974642c31915ba0\"class=\"block-section article-block show-top-bar-theme-dark wp-block-acf-article-block\">\n    <div class=\"article-container block-section-wrapper\">\n        \n        \n                    <h3 class=\"article-subheader\">Tuulepargi loomine on pikaajaline ja p\u00f5hjalik protsess<\/h3>\n        \n                    <div class=\"article-content\">\n                <p>Planeeringu algatamisest esimese tuuliku t\u00f6\u00f6le hakkamiseni v\u00f5ib m\u00f6\u00f6duda viis v\u00f5i enamgi aastat. Juba enne planeeringu algatamist tehakse p\u00f5hjalik eelt\u00f6\u00f6 sobiva tuulepargi ala leidmiseks ja esmased keskkonnaanal\u00fc\u00fcsid. Alles seej\u00e4rel j\u00f5utakse planeeringu kavandamiseni. Edasise planeeringu menetluse k\u00e4igus hinnatakse veelgi detailsemalt keskkonnam\u00f5jusid. Tuulepargi planeerimisel on igal inimesel v\u00f5imalik kaasa r\u00e4\u00e4kida. Avalikud arutelud, personaalne suhtlus, spetsialistide hinnangud \u2013 k\u00f5ik see on osa protsessist, mitte pelgalt formaalsus. Koost\u00f6\u00f6 l\u00e4bi saab planeering vaid paremaks. Nii nagu meeskonnaspordis, toimib tiimit\u00f6\u00f6 paremini!<\/p>\n            <\/div>\n        \n                    <div class=\"article-image article-image--under\">\n                <img decoding=\"async\" src=\"https:\/\/vindr.eu\/wp-content\/uploads\/2025\/06\/iStock-1425159873-1.jpg\" alt=\"\">\n            <\/div>\n            <\/div>\n<\/section>\n\n\n\n<section id=\"acf-article-block-block_74e64b7f6eca93d2d3dde3827c93ef38\"class=\"block-section article-block show-top-bar-theme-dark wp-block-acf-article-block\">\n    <div class=\"article-container block-section-wrapper\">\n        \n        \n                    <h3 class=\"article-subheader\">Kohalik tulu on rohkem kui lubadus<\/h3>\n        \n                    <div class=\"article-content\">\n                <p>Kui r\u00e4\u00e4gitakse tuuleparkide rajamisest, k\u00f5lab sageli k\u00fcsimus: \u201cAga mida mina sellest saan?\u201d K\u00fcsimus, mis vajab ausat ja sisukat vastust. <\/p>\n<p>Alates 2023. aastast kehtestati nn \u201ctuulikutasu\u201d, mille kaudu saab kohalik omavalitsus eelarvesse iga-aastaselt kuni 1% tuulepargi m\u00fc\u00fcgitulust valla ja kohalike elanike heaks. Saadav tasu on seadusest tulenev ning pakub kogukonnale l\u00e4bipaistvat ja usaldusv\u00e4\u00e4rset mehhanismi, andes kohalikele kindluse, et arendusega kaasneb reaalne h\u00fcvitis, mis suunatakse enim m\u00f5jutatud piirkonda. Summast pool jaguneb tuulikutest kuni kolme kilomeetri kaugusel elavate leibkondade vahel ja \u00fclej\u00e4\u00e4nud saab kohalik omavalitsus suunata oluliste projektide elluviimiseks.   <\/p>\n<p>Tuuleenergia ei ole pelgalt roheline lahendus, vaid ka regionaalpolitiiline v\u00f5imalus. Rahvusvahelised kogemused Taanist ja Saksamaalt n\u00e4itavad, et tuuleparkide rajamisega kaasnes m\u00e4rkimisv\u00e4\u00e4rne kohaliku ettev\u00f5tluse elavnemine, sest kohalike ehitus- ja transpordiettev\u00f5tetega s\u00f5lmiti mahukad lepingud projektide teostamiseks.  \u00dche n\u00e4itena v\u00f5ib tuua Paldiski, kus hooldusmeeskonnad on s\u00f6\u00f6gikohtade p\u00f5hiklientuur. Tuuleparkide arendustel on potentsiaal tuua m\u00e4rkimisv\u00e4\u00e4rsed investeeringud piirkondadesse, kuhu need muidu kuigi sageli ei satu.  <\/p>\n<p>Koost\u00f6\u00f6s kogukonnaga on v\u00f5imalik tagada, et t\u00f6\u00f6kohad ja majanduslik tulu j\u00e4\u00e4vad kohapeale. Elektritootjad soovivad kohalikku heaollu p\u00e4riselt panustada \u2013 oleme pikaajaliseks partneriks. Selleks on oluline dialoog ja kohalike vajaduste m\u00f5istmine, et luua omaltpoolt lisav\u00e4\u00e4rtus. <\/p>\n            <\/div>\n        \n                    <div class=\"article-image article-image--under\">\n                <img decoding=\"async\" src=\"https:\/\/vindr.eu\/wp-content\/uploads\/2025\/05\/STILLBILDER.00_00_28_23.Still017.png\" alt=\"\">\n            <\/div>\n            <\/div>\n<\/section>\n\n\n\n<section id=\"acf-article-block-block_ba1b529e5e03945a059169dec0a916fb\"class=\"block-section article-block show-top-bar-theme-dark wp-block-acf-article-block\">\n    <div class=\"article-container block-section-wrapper\">\n        \n        \n                    <h3 class=\"article-subheader\">Mida \u00fctlevad teadlased ja rahvusvaheline kogemus?<\/h3>\n        \n                    <div class=\"article-content\">\n                <p>M\u00f5istame, et suurprojektidega kaasnevad murekohad. Need on t\u00e4na valdavalt seotud tervisem\u00f5jude, m\u00fcrataseme ja looduskeskkonnaga. Inimesed ootavad selgeid s\u00f5numeid ja usalduslikke allikaid.   <\/p>\n<p>Eesti Terviseamet kinnitab, et korralikult projekteeritud tuulikud ei kujuta endast inimeste tervisele ohtu. Eesti normid on ranged \u2013 tuulik ei tohi asuda elumajale liiga l\u00e4hedal ning m\u00fcra ei tohi \u00fcletada lubatud tasemeid. Iga arendaja peab juba planeerimisfaasis helikaarte anal\u00fc\u00fcsima ning ka arenduse valmimisel teostama m\u00f5\u00f5tmiseid. \u00dchegi elektritootja huvi ei ole, et tuulepargi t\u00f6\u00f6le hakkamisel see v\u00f5imaliku m\u00fcra t\u00f5ttu seisata tuleb \u2013 planeering peab olema v\u00e4ga p\u00f5hjalik.  <\/p>\n<p>Keskkonnam\u00f5ju hindamine on teaduslik protsess, milles osalevad s\u00f5ltumatud eksperdid. \u00dchtegi tuuleparki ei saa rajada ilma selge t\u00f5enduseta, et see ei kahjusta elukeskkonda \u2013 olgu selleks linnustik, metsaelupaigad v\u00f5i \u00f6kos\u00fcsteemid. <\/p>\n            <\/div>\n        \n            <\/div>\n<\/section>\n\n\n\n<section id=\"acf-article-block-block_2333d10487824b408c5791ac8aa48ded\"class=\"block-section article-block show-top-bar-theme-dark wp-block-acf-article-block\">\n    <div class=\"article-container block-section-wrapper\">\n        \n        \n                    <h3 class=\"article-subheader\">Valik on meie teha<\/h3>\n        \n                    <div class=\"article-content\">\n                <p>Arendajate, riigi, kohaliku omavalitsuse ja elanike roll on koost\u00f6\u00f6s leida lahendusi, mis seisavad k\u00f5ikide huvide eest. Avatud suhtlus loob selguse ja turvatunde. Pigem on k\u00fcsimus selles, kas suudame n\u00e4ha arendust osana oma tuleviku kujundamisest. Kas me laseme v\u00f5imalusel m\u00f6\u00f6da minna v\u00f5i kasutame seda teadlikult ja targalt? Tuulepargid ei sobi igasse kohta, p\u00f5hjalik eelt\u00f6\u00f6 ja arutelud loovad eeldused projektideks, kus tuulest kasvab kasu paljudele. <\/p>\n<p>Vindr arendab taastuvenergeetikaprojekte P\u00f5hja- ja Baltimaades.\u202fVindr on pikaajaline partner kohalikele &#8211; oleme tuuleparkide arendaja, ehitaja kui ka operaator kogu selle eluts\u00fckli jooksul. Vindr Groupi omanik on Euroopa \u00fcks suuremaid taristuinvesteeringutele keskendunud investeerimisfonde InfraVia Capital Partners. Vindri eesm\u00e4rgiks on investeerida P\u00f5hjala-Baltimaade regiooni 2030. aastaks 1,3 miljardit eurot. Eestisse plaanib Vindr investeerida 2030. aastaks 300 miljonit eurot. <\/p>\n            <\/div>\n        \n                    <div class=\"article-image article-image--under\">\n                <img decoding=\"async\" src=\"https:\/\/vindr.eu\/wp-content\/uploads\/2025\/05\/Local-community_turbine-scaled-1-scaled.jpg\" alt=\"\">\n            <\/div>\n            <\/div>\n<\/section>\n\n\n\n<section id=\"acf-banner-block_9db0a1ea03d0e9c5ecacf0b5df25c1e1\"class=\"block-section banner has-background has-title show-top-bar-theme-dark wp-block-acf-banner\" data-scroll-container>\n\t\t\t<figure class=\"banner__bg\">\n\t\t\t<img loading=\"lazy\" decoding=\"async\" width=\"2048\" height=\"1365\" src=\"https:\/\/vindr.eu\/wp-content\/uploads\/2025\/05\/Solarturbin_sunset-scaled.jpg\" class=\"attachment-full size-full\" alt=\"\" srcset=\"https:\/\/vindr.eu\/wp-content\/uploads\/2025\/05\/Solarturbin_sunset-scaled.jpg 2048w, https:\/\/vindr.eu\/wp-content\/uploads\/2025\/05\/Solarturbin_sunset-300x200.jpg 300w, https:\/\/vindr.eu\/wp-content\/uploads\/2025\/05\/Solarturbin_sunset-1024x683.jpg 1024w, https:\/\/vindr.eu\/wp-content\/uploads\/2025\/05\/Solarturbin_sunset-768x512.jpg 768w, https:\/\/vindr.eu\/wp-content\/uploads\/2025\/05\/Solarturbin_sunset-1536x1024.jpg 1536w, https:\/\/vindr.eu\/wp-content\/uploads\/2025\/05\/Solarturbin_sunset-502x335.jpg 502w\" sizes=\"auto, (max-width: 2048px) 100vw, 2048px\" \/>\t\t<\/figure>\n\t\t<div class=\"block-section-wrapper element-width--content\" data-scroll data-scroll-call=\"vindrOnBannerScroll\">\n\t\t<div class=\"banner__content\">\n\t\t\t\t\t\t\t<h2 class=\"heading-size-large\">V\u00f5ta meiega \u00fchendust!<\/h2>\n\t\t\t\t<div class=\"text-size-medium\">\n\t\t\t\t\t\t\t\t\t\t\t\t\t<\/div>\n\t\t\t\t\t\t<a href=\"https:\/\/vindr.eu\/et\/kontakt\/\" id=\"\" class=\"stm-button--has-title stm-button stm-button--type-default stm-button-light\"  target=\"_self\" title=\"\"> <span class=\"text\">Kontakt<\/span>  <\/a>\t\t<\/div>\n\t<\/div>\n<\/section>\n","protected":false},"excerpt":{"rendered":"","protected":false},"author":3,"featured_media":4550,"comment_status":"closed","ping_status":"closed","sticky":false,"template":"","format":"standard","meta":{"_acf_changed":false,"inline_featured_image":false,"footnotes":""},"categories":[49],"tags":[],"class_list":["post-4549","post","type-post","status-publish","format-standard","has-post-thumbnail","hentry","category-news"],"acf":[],"_links":{"self":[{"href":"https:\/\/vindr.eu\/et\/wp-json\/wp\/v2\/posts\/4549","targetHints":{"allow":["GET"]}}],"collection":[{"href":"https:\/\/vindr.eu\/et\/wp-json\/wp\/v2\/posts"}],"about":[{"href":"https:\/\/vindr.eu\/et\/wp-json\/wp\/v2\/types\/post"}],"author":[{"embeddable":true,"href":"https:\/\/vindr.eu\/et\/wp-json\/wp\/v2\/users\/3"}],"replies":[{"embeddable":true,"href":"https:\/\/vindr.eu\/et\/wp-json\/wp\/v2\/comments?post=4549"}],"version-history":[{"count":0,"href":"https:\/\/vindr.eu\/et\/wp-json\/wp\/v2\/posts\/4549\/revisions"}],"wp:featuredmedia":[{"embeddable":true,"href":"https:\/\/vindr.eu\/et\/wp-json\/wp\/v2\/media\/4550"}],"wp:attachment":[{"href":"https:\/\/vindr.eu\/et\/wp-json\/wp\/v2\/media?parent=4549"}],"wp:term":[{"taxonomy":"category","embeddable":true,"href":"https:\/\/vindr.eu\/et\/wp-json\/wp\/v2\/categories?post=4549"},{"taxonomy":"post_tag","embeddable":true,"href":"https:\/\/vindr.eu\/et\/wp-json\/wp\/v2\/tags?post=4549"}],"curies":[{"name":"wp","href":"https:\/\/api.w.org\/{rel}","templated":true}]}}